{"id":781,"date":"2025-05-28T15:10:41","date_gmt":"2025-05-28T18:10:41","guid":{"rendered":"https:\/\/impulsa-eu.com\/?p=781"},"modified":"2025-12-16T07:40:34","modified_gmt":"2025-12-16T10:40:34","slug":"que-tener-en-cuenta-al-poner-en-marcha-un-nuevo-local-comercial","status":"publish","type":"post","link":"https:\/\/impulsa-eu.com\/en\/que-tener-en-cuenta-al-poner-en-marcha-un-nuevo-local-comercial\/","title":{"rendered":"What to Consider When Setting Up a New Commercial Space"},"content":{"rendered":"<h3 class=\"wp-block-heading\"><strong>What to Consider When Setting Up a New Commercial Space<\/strong><\/h3>\n\n\n\n<p class=\"translation-block\">It\u2019s 2025, and although Europe\u2019s construction sector is forecast to grow by a modest 0.6%, the key question isn\u2019t how much\u2014it\u2019s how.\n Will we stick with traditional methods or embrace innovation?<\/p>\n\n\n\n<p class=\"translation-block\">More and more companies are investing in emerging technologies and sustainability strategies to attract customers and stand out in the market. Key trends reshaping facility design include:<\/p>\n\n\n\n<hr class=\"wp-block-separator has-alpha-channel-opacity\"\/>\n\n\n\n<h3 class=\"wp-block-heading\"><strong>Artificial Intelligence (AI) Integration<\/strong><\/h3>\n\n\n\n<p>From energy management to predictive maintenance, AI is no longer futuristic\u2014it\u2019s a real tool for optimizing operations and improving the customer experience.<\/p>\n\n\n\n<hr class=\"wp-block-separator has-alpha-channel-opacity\"\/>\n\n\n\n<h3 class=\"wp-block-heading\"><strong>Renewable Energy and Environmental Commitment<\/strong><\/h3>\n\n\n\n<p class=\"translation-block\">Implementing clean energy not only reduces your carbon footprint\u2014it aligns with consumer expectations and strengthens brand responsibility.<\/p>\n\n\n\n<hr class=\"wp-block-separator has-alpha-channel-opacity\"\/>\n\n\n\n<h3 class=\"wp-block-heading\"><strong>Circular Economy Principles<\/strong><\/h3>\n\n\n\n<p class=\"translation-block\">Designing facilities with reusable materials saves money and improves your brand image among conscious consumers. It also builds loyalty with customers who share your values.<\/p>\n\n\n\n<hr class=\"wp-block-separator has-alpha-channel-opacity\"\/>\n\n\n\n<h3 class=\"wp-block-heading\"><strong>Is your business ready to take the leap?<\/strong><\/h3>\n\n\n\n<p class=\"translation-block\">At Impulsa, we understand adapting to new market demands can be overwhelming.\nBut with a specialized partner in facility management, you can face these challenges with vision and confidence.<\/p>\n\n\n\n<p>From initial design to launch and ongoing maintenance, we help you build spaces that meet today\u2019s needs and are ready for tomorrow.<\/p>\n\n\n\n<h3 class=\"wp-block-heading\"><strong>\u00bfQuieres mantenerte al d\u00eda con las \u00faltimas tendencias en retail y gesti\u00f3n de espacios?<\/strong><\/h3>\n\n\n\n<p><a href=\"https:\/\/www.linkedin.com\/build-relation\/newsletter-follow?entityUrn=7293572420739715072\">Suscr\u00edbete a nuestra newsletter<\/a><br><a href=\"mailto:incidencias@impulsa-eu.com\">incidencias@impulsa-eu.com<\/a><br>+34 910 600 768<\/p>\n\n\n\n<p><strong>Impulsa. Security in every step. Evolution in every decision.<\/strong><\/p>","protected":false},"excerpt":{"rendered":"<p>Qu\u00e9 tener en cuenta al poner en marcha un nuevo local comercial Estamos en 2025, y aunque el sector de la construcci\u00f3n en Europa apunta a un crecimiento modesto del 0,6 %, lo m\u00e1s relevante no es solo cu\u00e1nto crece, sino c\u00f3mo lo hace. \u00bfContinuaremos con m\u00e9todos tradicionales o abrazaremos enfoques m\u00e1s innovadores? Cada vez [&hellip;]<\/p>\n","protected":false},"author":1,"featured_media":775,"comment_status":"open","ping_status":"open","sticky":false,"template":"","format":"standard","meta":{"footnotes":""},"categories":[10],"tags":[],"class_list":["post-781","post","type-post","status-publish","format-standard","has-post-thumbnail","hentry","category-gestion-de-espacios"],"yoast_head":"<!-- This site is optimized with the Yoast SEO plugin v27.5 - https:\/\/yoast.com\/product\/yoast-seo-wordpress\/ -->\n<title>Qu\u00e9 tener en cuenta al poner en marcha un nuevo local comercial - Impulsa<\/title>\n<meta name=\"description\" content=\"Qu\u00e9 tener en cuenta al poner en marcha un nuevo local comercial Estamos en 2025, y aunque el sector de la construcci\u00f3n en Europa apunta a un crecimiento\" \/>\n<meta name=\"robots\" content=\"index, follow, max-snippet:-1, max-image-preview:large, max-video-preview:-1\" \/>\n<link rel=\"canonical\" href=\"https:\/\/impulsa-eu.com\/en\/que-tener-en-cuenta-al-poner-en-marcha-un-nuevo-local-comercial\/\" \/>\n<meta property=\"og:locale\" content=\"en_US\" \/>\n<meta property=\"og:type\" content=\"article\" \/>\n<meta property=\"og:title\" content=\"Qu\u00e9 tener en cuenta al poner en marcha un nuevo local comercial - Impulsa\" \/>\n<meta property=\"og:description\" content=\"Qu\u00e9 tener en cuenta al poner en marcha un nuevo local comercial Estamos en 2025, y aunque el sector de la construcci\u00f3n en Europa apunta a un crecimiento\" \/>\n<meta property=\"og:url\" content=\"https:\/\/impulsa-eu.com\/en\/que-tener-en-cuenta-al-poner-en-marcha-un-nuevo-local-comercial\/\" \/>\n<meta property=\"og:site_name\" content=\"Impulsa\" \/>\n<meta property=\"article:published_time\" content=\"2025-05-28T18:10:41+00:00\" \/>\n<meta property=\"article:modified_time\" content=\"2025-12-16T10:40:34+00:00\" \/>\n<meta property=\"og:image\" content=\"https:\/\/impulsa-eu.com\/wp-content\/uploads\/2025\/05\/DSC09109-1.jpg\" \/>\n\t<meta property=\"og:image:width\" content=\"2048\" \/>\n\t<meta property=\"og:image:height\" content=\"1365\" \/>\n\t<meta property=\"og:image:type\" content=\"image\/jpeg\" \/>\n<meta name=\"author\" content=\"info@nexodigital.com.ar\" \/>\n<meta name=\"twitter:card\" content=\"summary_large_image\" \/>\n<meta name=\"twitter:label1\" content=\"Written by\" \/>\n\t<meta name=\"twitter:data1\" content=\"info@nexodigital.com.ar\" \/>\n\t<meta name=\"twitter:label2\" content=\"Est. reading time\" \/>\n\t<meta name=\"twitter:data2\" content=\"2 minutes\" \/>\n<script type=\"application\/ld+json\" class=\"yoast-schema-graph\">{\"@context\":\"https:\\\/\\\/schema.org\",\"@graph\":[{\"@type\":\"Article\",\"@id\":\"https:\\\/\\\/impulsa-eu.com\\\/que-tener-en-cuenta-al-poner-en-marcha-un-nuevo-local-comercial\\\/#article\",\"isPartOf\":{\"@id\":\"https:\\\/\\\/impulsa-eu.com\\\/que-tener-en-cuenta-al-poner-en-marcha-un-nuevo-local-comercial\\\/\"},\"author\":{\"name\":\"info@nexodigital.com.ar\",\"@id\":\"https:\\\/\\\/impulsa-eu.com\\\/#\\\/schema\\\/person\\\/34774a11c62d5de0b5d1473b651aa97c\"},\"headline\":\"Qu\u00e9 tener en cuenta al poner en marcha un nuevo local comercial\",\"datePublished\":\"2025-05-28T18:10:41+00:00\",\"dateModified\":\"2025-12-16T10:40:34+00:00\",\"mainEntityOfPage\":{\"@id\":\"https:\\\/\\\/impulsa-eu.com\\\/que-tener-en-cuenta-al-poner-en-marcha-un-nuevo-local-comercial\\\/\"},\"wordCount\":344,\"commentCount\":0,\"publisher\":{\"@id\":\"https:\\\/\\\/impulsa-eu.com\\\/#organization\"},\"image\":{\"@id\":\"https:\\\/\\\/impulsa-eu.com\\\/que-tener-en-cuenta-al-poner-en-marcha-un-nuevo-local-comercial\\\/#primaryimage\"},\"thumbnailUrl\":\"https:\\\/\\\/impulsa-eu.com\\\/wp-content\\\/uploads\\\/2025\\\/05\\\/DSC09109-1.jpg\",\"articleSection\":[\"Gesti\u00f3n de Espacios\"],\"inLanguage\":\"en-US\",\"potentialAction\":[{\"@type\":\"CommentAction\",\"name\":\"Comment\",\"target\":[\"https:\\\/\\\/impulsa-eu.com\\\/que-tener-en-cuenta-al-poner-en-marcha-un-nuevo-local-comercial\\\/#respond\"]}]},{\"@type\":\"WebPage\",\"@id\":\"https:\\\/\\\/impulsa-eu.com\\\/que-tener-en-cuenta-al-poner-en-marcha-un-nuevo-local-comercial\\\/\",\"url\":\"https:\\\/\\\/impulsa-eu.com\\\/que-tener-en-cuenta-al-poner-en-marcha-un-nuevo-local-comercial\\\/\",\"name\":\"Qu\u00e9 tener en cuenta al poner en marcha un nuevo local comercial - Impulsa\",\"isPartOf\":{\"@id\":\"https:\\\/\\\/impulsa-eu.com\\\/#website\"},\"primaryImageOfPage\":{\"@id\":\"https:\\\/\\\/impulsa-eu.com\\\/que-tener-en-cuenta-al-poner-en-marcha-un-nuevo-local-comercial\\\/#primaryimage\"},\"image\":{\"@id\":\"https:\\\/\\\/impulsa-eu.com\\\/que-tener-en-cuenta-al-poner-en-marcha-un-nuevo-local-comercial\\\/#primaryimage\"},\"thumbnailUrl\":\"https:\\\/\\\/impulsa-eu.com\\\/wp-content\\\/uploads\\\/2025\\\/05\\\/DSC09109-1.jpg\",\"datePublished\":\"2025-05-28T18:10:41+00:00\",\"dateModified\":\"2025-12-16T10:40:34+00:00\",\"description\":\"Qu\u00e9 tener en cuenta al poner en marcha un nuevo local comercial Estamos en 2025, y aunque el sector de la construcci\u00f3n en Europa apunta a un crecimiento\",\"breadcrumb\":{\"@id\":\"https:\\\/\\\/impulsa-eu.com\\\/que-tener-en-cuenta-al-poner-en-marcha-un-nuevo-local-comercial\\\/#breadcrumb\"},\"inLanguage\":\"en-US\",\"potentialAction\":[{\"@type\":\"ReadAction\",\"target\":[\"https:\\\/\\\/impulsa-eu.com\\\/que-tener-en-cuenta-al-poner-en-marcha-un-nuevo-local-comercial\\\/\"]}]},{\"@type\":\"ImageObject\",\"inLanguage\":\"en-US\",\"@id\":\"https:\\\/\\\/impulsa-eu.com\\\/que-tener-en-cuenta-al-poner-en-marcha-un-nuevo-local-comercial\\\/#primaryimage\",\"url\":\"https:\\\/\\\/impulsa-eu.com\\\/wp-content\\\/uploads\\\/2025\\\/05\\\/DSC09109-1.jpg\",\"contentUrl\":\"https:\\\/\\\/impulsa-eu.com\\\/wp-content\\\/uploads\\\/2025\\\/05\\\/DSC09109-1.jpg\",\"width\":2048,\"height\":1365},{\"@type\":\"BreadcrumbList\",\"@id\":\"https:\\\/\\\/impulsa-eu.com\\\/que-tener-en-cuenta-al-poner-en-marcha-un-nuevo-local-comercial\\\/#breadcrumb\",\"itemListElement\":[{\"@type\":\"ListItem\",\"position\":1,\"name\":\"Home\",\"item\":\"https:\\\/\\\/impulsa-eu.com\\\/\"},{\"@type\":\"ListItem\",\"position\":2,\"name\":\"Qu\u00e9 tener en cuenta al poner en marcha un nuevo local comercial\"}]},{\"@type\":\"WebSite\",\"@id\":\"https:\\\/\\\/impulsa-eu.com\\\/#website\",\"url\":\"https:\\\/\\\/impulsa-eu.com\\\/\",\"name\":\"Impulsa\",\"description\":\"Facility Management y Mantenimiento\u00a0Retail\",\"publisher\":{\"@id\":\"https:\\\/\\\/impulsa-eu.com\\\/#organization\"},\"potentialAction\":[{\"@type\":\"SearchAction\",\"target\":{\"@type\":\"EntryPoint\",\"urlTemplate\":\"https:\\\/\\\/impulsa-eu.com\\\/?s={search_term_string}\"},\"query-input\":{\"@type\":\"PropertyValueSpecification\",\"valueRequired\":true,\"valueName\":\"search_term_string\"}}],\"inLanguage\":\"en-US\"},{\"@type\":\"Organization\",\"@id\":\"https:\\\/\\\/impulsa-eu.com\\\/#organization\",\"name\":\"Impulsa\",\"url\":\"https:\\\/\\\/impulsa-eu.com\\\/\",\"logo\":{\"@type\":\"ImageObject\",\"inLanguage\":\"en-US\",\"@id\":\"https:\\\/\\\/impulsa-eu.com\\\/#\\\/schema\\\/logo\\\/image\\\/\",\"url\":\"https:\\\/\\\/impulsa-eu.com\\\/wp-content\\\/uploads\\\/2025\\\/08\\\/Isotipo-Gris.jpg\",\"contentUrl\":\"https:\\\/\\\/impulsa-eu.com\\\/wp-content\\\/uploads\\\/2025\\\/08\\\/Isotipo-Gris.jpg\",\"width\":1080,\"height\":1080,\"caption\":\"Impulsa\"},\"image\":{\"@id\":\"https:\\\/\\\/impulsa-eu.com\\\/#\\\/schema\\\/logo\\\/image\\\/\"},\"sameAs\":[\"https:\\\/\\\/www.linkedin.com\\\/company\\\/impulsa-network\\\/?viewAsMember=true\"]},{\"@type\":\"Person\",\"@id\":\"https:\\\/\\\/impulsa-eu.com\\\/#\\\/schema\\\/person\\\/34774a11c62d5de0b5d1473b651aa97c\",\"name\":\"info@nexodigital.com.ar\",\"image\":{\"@type\":\"ImageObject\",\"inLanguage\":\"en-US\",\"@id\":\"https:\\\/\\\/secure.gravatar.com\\\/avatar\\\/b2a4048adcdd4f82e010d19bc038dccf0b3fce6ec48871baecb90070de1f617d?s=96&d=mm&r=g\",\"url\":\"https:\\\/\\\/secure.gravatar.com\\\/avatar\\\/b2a4048adcdd4f82e010d19bc038dccf0b3fce6ec48871baecb90070de1f617d?s=96&d=mm&r=g\",\"contentUrl\":\"https:\\\/\\\/secure.gravatar.com\\\/avatar\\\/b2a4048adcdd4f82e010d19bc038dccf0b3fce6ec48871baecb90070de1f617d?s=96&d=mm&r=g\",\"caption\":\"info@nexodigital.com.ar\"},\"sameAs\":[\"https:\\\/\\\/impulsa-eu.com\"],\"url\":\"https:\\\/\\\/impulsa-eu.com\\\/en\\\/author\\\/infonexodigital-com-ar\\\/\"}]}<\/script>\n<!-- \/ Yoast SEO plugin. -->","yoast_head_json":{"title":"Qu\u00e9 tener en cuenta al poner en marcha un nuevo local comercial - Impulsa","description":"Qu\u00e9 tener en cuenta al poner en marcha un nuevo local comercial Estamos en 2025, y aunque el sector de la construcci\u00f3n en Europa apunta a un crecimiento","robots":{"index":"index","follow":"follow","max-snippet":"max-snippet:-1","max-image-preview":"max-image-preview:large","max-video-preview":"max-video-preview:-1"},"canonical":"https:\/\/impulsa-eu.com\/en\/que-tener-en-cuenta-al-poner-en-marcha-un-nuevo-local-comercial\/","og_locale":"en_US","og_type":"article","og_title":"Qu\u00e9 tener en cuenta al poner en marcha un nuevo local comercial - Impulsa","og_description":"Qu\u00e9 tener en cuenta al poner en marcha un nuevo local comercial Estamos en 2025, y aunque el sector de la construcci\u00f3n en Europa apunta a un crecimiento","og_url":"https:\/\/impulsa-eu.com\/en\/que-tener-en-cuenta-al-poner-en-marcha-un-nuevo-local-comercial\/","og_site_name":"Impulsa","article_published_time":"2025-05-28T18:10:41+00:00","article_modified_time":"2025-12-16T10:40:34+00:00","og_image":[{"width":2048,"height":1365,"url":"https:\/\/impulsa-eu.com\/wp-content\/uploads\/2025\/05\/DSC09109-1.jpg","type":"image\/jpeg"}],"author":"info@nexodigital.com.ar","twitter_card":"summary_large_image","twitter_misc":{"Written by":"info@nexodigital.com.ar","Est. reading time":"2 minutes"},"schema":{"@context":"https:\/\/schema.org","@graph":[{"@type":"Article","@id":"https:\/\/impulsa-eu.com\/que-tener-en-cuenta-al-poner-en-marcha-un-nuevo-local-comercial\/#article","isPartOf":{"@id":"https:\/\/impulsa-eu.com\/que-tener-en-cuenta-al-poner-en-marcha-un-nuevo-local-comercial\/"},"author":{"name":"info@nexodigital.com.ar","@id":"https:\/\/impulsa-eu.com\/#\/schema\/person\/34774a11c62d5de0b5d1473b651aa97c"},"headline":"Qu\u00e9 tener en cuenta al poner en marcha un nuevo local comercial","datePublished":"2025-05-28T18:10:41+00:00","dateModified":"2025-12-16T10:40:34+00:00","mainEntityOfPage":{"@id":"https:\/\/impulsa-eu.com\/que-tener-en-cuenta-al-poner-en-marcha-un-nuevo-local-comercial\/"},"wordCount":344,"commentCount":0,"publisher":{"@id":"https:\/\/impulsa-eu.com\/#organization"},"image":{"@id":"https:\/\/impulsa-eu.com\/que-tener-en-cuenta-al-poner-en-marcha-un-nuevo-local-comercial\/#primaryimage"},"thumbnailUrl":"https:\/\/impulsa-eu.com\/wp-content\/uploads\/2025\/05\/DSC09109-1.jpg","articleSection":["Gesti\u00f3n de Espacios"],"inLanguage":"en-US","potentialAction":[{"@type":"CommentAction","name":"Comment","target":["https:\/\/impulsa-eu.com\/que-tener-en-cuenta-al-poner-en-marcha-un-nuevo-local-comercial\/#respond"]}]},{"@type":"WebPage","@id":"https:\/\/impulsa-eu.com\/que-tener-en-cuenta-al-poner-en-marcha-un-nuevo-local-comercial\/","url":"https:\/\/impulsa-eu.com\/que-tener-en-cuenta-al-poner-en-marcha-un-nuevo-local-comercial\/","name":"Qu\u00e9 tener en cuenta al poner en marcha un nuevo local comercial - Impulsa","isPartOf":{"@id":"https:\/\/impulsa-eu.com\/#website"},"primaryImageOfPage":{"@id":"https:\/\/impulsa-eu.com\/que-tener-en-cuenta-al-poner-en-marcha-un-nuevo-local-comercial\/#primaryimage"},"image":{"@id":"https:\/\/impulsa-eu.com\/que-tener-en-cuenta-al-poner-en-marcha-un-nuevo-local-comercial\/#primaryimage"},"thumbnailUrl":"https:\/\/impulsa-eu.com\/wp-content\/uploads\/2025\/05\/DSC09109-1.jpg","datePublished":"2025-05-28T18:10:41+00:00","dateModified":"2025-12-16T10:40:34+00:00","description":"Qu\u00e9 tener en cuenta al poner en marcha un nuevo local comercial Estamos en 2025, y aunque el sector de la construcci\u00f3n en Europa apunta a un crecimiento","breadcrumb":{"@id":"https:\/\/impulsa-eu.com\/que-tener-en-cuenta-al-poner-en-marcha-un-nuevo-local-comercial\/#breadcrumb"},"inLanguage":"en-US","potentialAction":[{"@type":"ReadAction","target":["https:\/\/impulsa-eu.com\/que-tener-en-cuenta-al-poner-en-marcha-un-nuevo-local-comercial\/"]}]},{"@type":"ImageObject","inLanguage":"en-US","@id":"https:\/\/impulsa-eu.com\/que-tener-en-cuenta-al-poner-en-marcha-un-nuevo-local-comercial\/#primaryimage","url":"https:\/\/impulsa-eu.com\/wp-content\/uploads\/2025\/05\/DSC09109-1.jpg","contentUrl":"https:\/\/impulsa-eu.com\/wp-content\/uploads\/2025\/05\/DSC09109-1.jpg","width":2048,"height":1365},{"@type":"BreadcrumbList","@id":"https:\/\/impulsa-eu.com\/que-tener-en-cuenta-al-poner-en-marcha-un-nuevo-local-comercial\/#breadcrumb","itemListElement":[{"@type":"ListItem","position":1,"name":"Home","item":"https:\/\/impulsa-eu.com\/"},{"@type":"ListItem","position":2,"name":"Qu\u00e9 tener en cuenta al poner en marcha un nuevo local comercial"}]},{"@type":"WebSite","@id":"https:\/\/impulsa-eu.com\/#website","url":"https:\/\/impulsa-eu.com\/","name":"Impulsa","description":"Facility Management y Mantenimiento\u00a0Retail","publisher":{"@id":"https:\/\/impulsa-eu.com\/#organization"},"potentialAction":[{"@type":"SearchAction","target":{"@type":"EntryPoint","urlTemplate":"https:\/\/impulsa-eu.com\/?s={search_term_string}"},"query-input":{"@type":"PropertyValueSpecification","valueRequired":true,"valueName":"search_term_string"}}],"inLanguage":"en-US"},{"@type":"Organization","@id":"https:\/\/impulsa-eu.com\/#organization","name":"Impulsa","url":"https:\/\/impulsa-eu.com\/","logo":{"@type":"ImageObject","inLanguage":"en-US","@id":"https:\/\/impulsa-eu.com\/#\/schema\/logo\/image\/","url":"https:\/\/impulsa-eu.com\/wp-content\/uploads\/2025\/08\/Isotipo-Gris.jpg","contentUrl":"https:\/\/impulsa-eu.com\/wp-content\/uploads\/2025\/08\/Isotipo-Gris.jpg","width":1080,"height":1080,"caption":"Impulsa"},"image":{"@id":"https:\/\/impulsa-eu.com\/#\/schema\/logo\/image\/"},"sameAs":["https:\/\/www.linkedin.com\/company\/impulsa-network\/?viewAsMember=true"]},{"@type":"Person","@id":"https:\/\/impulsa-eu.com\/#\/schema\/person\/34774a11c62d5de0b5d1473b651aa97c","name":"info@nexodigital.com.ar","image":{"@type":"ImageObject","inLanguage":"en-US","@id":"https:\/\/secure.gravatar.com\/avatar\/b2a4048adcdd4f82e010d19bc038dccf0b3fce6ec48871baecb90070de1f617d?s=96&d=mm&r=g","url":"https:\/\/secure.gravatar.com\/avatar\/b2a4048adcdd4f82e010d19bc038dccf0b3fce6ec48871baecb90070de1f617d?s=96&d=mm&r=g","contentUrl":"https:\/\/secure.gravatar.com\/avatar\/b2a4048adcdd4f82e010d19bc038dccf0b3fce6ec48871baecb90070de1f617d?s=96&d=mm&r=g","caption":"info@nexodigital.com.ar"},"sameAs":["https:\/\/impulsa-eu.com"],"url":"https:\/\/impulsa-eu.com\/en\/author\/infonexodigital-com-ar\/"}]}},"_links":{"self":[{"href":"https:\/\/impulsa-eu.com\/en\/wp-json\/wp\/v2\/posts\/781","targetHints":{"allow":["GET"]}}],"collection":[{"href":"https:\/\/impulsa-eu.com\/en\/wp-json\/wp\/v2\/posts"}],"about":[{"href":"https:\/\/impulsa-eu.com\/en\/wp-json\/wp\/v2\/types\/post"}],"author":[{"embeddable":true,"href":"https:\/\/impulsa-eu.com\/en\/wp-json\/wp\/v2\/users\/1"}],"replies":[{"embeddable":true,"href":"https:\/\/impulsa-eu.com\/en\/wp-json\/wp\/v2\/comments?post=781"}],"version-history":[{"count":2,"href":"https:\/\/impulsa-eu.com\/en\/wp-json\/wp\/v2\/posts\/781\/revisions"}],"predecessor-version":[{"id":1337,"href":"https:\/\/impulsa-eu.com\/en\/wp-json\/wp\/v2\/posts\/781\/revisions\/1337"}],"wp:featuredmedia":[{"embeddable":true,"href":"https:\/\/impulsa-eu.com\/en\/wp-json\/wp\/v2\/media\/775"}],"wp:attachment":[{"href":"https:\/\/impulsa-eu.com\/en\/wp-json\/wp\/v2\/media?parent=781"}],"wp:term":[{"taxonomy":"category","embeddable":true,"href":"https:\/\/impulsa-eu.com\/en\/wp-json\/wp\/v2\/categories?post=781"},{"taxonomy":"post_tag","embeddable":true,"href":"https:\/\/impulsa-eu.com\/en\/wp-json\/wp\/v2\/tags?post=781"}],"curies":[{"name":"wp","href":"https:\/\/api.w.org\/{rel}","templated":true}]}}